{"id":70689,"date":"2026-04-09T10:13:13","date_gmt":"2026-04-09T17:13:13","guid":{"rendered":"https:\/\/elpajaritonews.com\/?p=70689"},"modified":"2026-04-09T10:13:14","modified_gmt":"2026-04-09T17:13:14","slug":"sonora-saca-de-las-calles-casi-15-millones-de-dosis-en-una-semana","status":"publish","type":"post","link":"https:\/\/elpajaritonews.com\/?p=70689","title":{"rendered":"SONORA SACA DE LAS CALLES CASI 15 MILLONES DE DOSIS EN UNA SEMANA"},"content":{"rendered":"\n<hr class=\"wp-block-separator has-alpha-channel-opacity\"\/>\n\n\n\n<p class=\"wp-block-paragraph\">La ofensiva frontal contra el crimen en Sonora ha alcanzado una cifra sin precedentes. Gracias a la <strong>estrategia integral de seguridad<\/strong> liderada por el gobernador <strong>Alfonso Durazo Monta\u00f1o<\/strong>, el estado logr\u00f3 el decomiso de <strong>14,807,431 dosis de diversas drogas<\/strong>, un impacto directo a las finanzas y la log\u00edstica de las organizaciones criminales en apenas ocho d\u00edas.<\/p>\n\n\n\n<h3 class=\"wp-block-heading\">Fuerza Conjunta: 196 Detenidos y Armamento Asegurado<\/h3>\n\n\n\n<p class=\"wp-block-paragraph\">Del 30 de marzo al 7 de abril, la <strong>Mesa Estatal de Seguridad<\/strong> \u2014que aglutina el esfuerzo coordinado de los tres niveles de gobierno\u2014 despleg\u00f3 operativos t\u00e1cticos que resultaron en la captura de <strong>196 personas<\/strong>.<\/p>\n\n\n\n<p class=\"wp-block-paragraph\">M\u00e1s all\u00e1 de las sustancias il\u00edcitas, la intervenci\u00f3n de fuerzas federales y estatales (Ej\u00e9rcito, Marina, Guardia Nacional, FGR, PESP y AMIC) permiti\u00f3 neutralizar el poder de fuego de la delincuencia mediante el aseguramiento de:<\/p>\n\n\n\n<ul class=\"wp-block-list\">\n<li><strong>16 armas de fuego<\/strong> de diversos calibres.<\/li>\n\n\n\n<li><strong>456 cartuchos<\/strong> \u00fatiles.<\/li>\n\n\n\n<li><strong>41 veh\u00edculos<\/strong> recuperados.<\/li>\n\n\n\n<li><strong>12 m\u00e1quinas tragamonedas<\/strong> vinculadas a actividades de juego ilegal.<\/li>\n<\/ul>\n\n\n\n<hr class=\"wp-block-separator has-alpha-channel-opacity\"\/>\n\n\n\n<h3 class=\"wp-block-heading\">Eficacia Judicial: Cateos y Aprehensiones<\/h3>\n\n\n\n<p class=\"wp-block-paragraph\">El combate a la impunidad fue un eje clave durante este periodo. La coordinaci\u00f3n administrativa y de inteligencia permiti\u00f3 ejecutar acciones de precisi\u00f3n legal:<\/p>\n\n\n\n<blockquote class=\"wp-block-quote is-layout-flow wp-block-quote-is-layout-flow\">\n<p class=\"wp-block-paragraph\"><strong>Balance Operativo:<\/strong><\/p>\n\n\n\n<ul class=\"wp-block-list\">\n<li><strong>24 \u00f3rdenes de cateo<\/strong> cumplimentadas en puntos estrat\u00e9gicos.<\/li>\n\n\n\n<li><strong>78 \u00f3rdenes de aprehensi\u00f3n<\/strong> ejecutadas contra objetivos prioritarios.<\/li>\n<\/ul>\n<\/blockquote>\n\n\n\n<h3 class=\"wp-block-heading\">Compromiso con la Salud y el Bienestar<\/h3>\n\n\n\n<p class=\"wp-block-paragraph\">Adem\u00e1s de la lucha contra el narcotr\u00e1fico, el Gobierno de Sonora enfoc\u00f3 esfuerzos en la salud p\u00fablica con el decomiso de <strong>17 vapeadores<\/strong>, reforzando la vigilancia contra productos que vulneran la integridad de la juventud sonorense.<\/p>\n\n\n\n<p class=\"wp-block-paragraph\">Con estas acciones, Sonora se consolida como un <strong>referente nacional<\/strong> en la implementaci\u00f3n de estrategias t\u00e1cticas efectivas, reafirmando que la coordinaci\u00f3n permanente entre instituciones es la ruta para garantizar la paz y el bienestar de las familias en la entidad.<\/p>\n","protected":false},"excerpt":{"rendered":"<p>La ofensiva frontal contra el crimen en Sonora ha alcanzado una cifra sin precedentes. Gracias a la estrategia integral de seguridad liderada por el gobernador Alfonso Durazo Monta\u00f1o, el estado logr\u00f3 el decomiso de 14,807,431 dosis de diversas drogas, un impacto directo a las finanzas y la log\u00edstica de las organizaciones criminales en apenas ocho&#8230;<\/p>\n","protected":false},"author":2,"featured_media":70690,"comment_status":"closed","ping_status":"closed","sticky":false,"template":"","format":"standard","meta":{"_crdt_document":"","_exactmetrics_skip_tracking":false,"_exactmetrics_sitenote_active":false,"_exactmetrics_sitenote_note":"","_exactmetrics_sitenote_category":0,"footnotes":""},"categories":[88,26,31,32,1,27,69],"tags":[71,72,74,28,75,30],"class_list":["post-70689","post","type-post","status-publish","format-standard","has-post-thumbnail","hentry","category-justicia","category-local","category-politica","category-salud","category-seguridad","category-sonora","category-ultimas-noticias","tag-alfonso-durazo","tag-claudia-sheinbaum","tag-hermosillo","tag-nogales","tag-seguridad-publica","tag-sonora-tierra-de-oportunidades"],"_links":{"self":[{"href":"https:\/\/elpajaritonews.com\/index.php?rest_route=\/wp\/v2\/posts\/70689","targetHints":{"allow":["GET"]}}],"collection":[{"href":"https:\/\/elpajaritonews.com\/index.php?rest_route=\/wp\/v2\/posts"}],"about":[{"href":"https:\/\/elpajaritonews.com\/index.php?rest_route=\/wp\/v2\/types\/post"}],"author":[{"embeddable":true,"href":"https:\/\/elpajaritonews.com\/index.php?rest_route=\/wp\/v2\/users\/2"}],"replies":[{"embeddable":true,"href":"https:\/\/elpajaritonews.com\/index.php?rest_route=%2Fwp%2Fv2%2Fcomments&post=70689"}],"version-history":[{"count":1,"href":"https:\/\/elpajaritonews.com\/index.php?rest_route=\/wp\/v2\/posts\/70689\/revisions"}],"predecessor-version":[{"id":70691,"href":"https:\/\/elpajaritonews.com\/index.php?rest_route=\/wp\/v2\/posts\/70689\/revisions\/70691"}],"wp:featuredmedia":[{"embeddable":true,"href":"https:\/\/elpajaritonews.com\/index.php?rest_route=\/wp\/v2\/media\/70690"}],"wp:attachment":[{"href":"https:\/\/elpajaritonews.com\/index.php?rest_route=%2Fwp%2Fv2%2Fmedia&parent=70689"}],"wp:term":[{"taxonomy":"category","embeddable":true,"href":"https:\/\/elpajaritonews.com\/index.php?rest_route=%2Fwp%2Fv2%2Fcategories&post=70689"},{"taxonomy":"post_tag","embeddable":true,"href":"https:\/\/elpajaritonews.com\/index.php?rest_route=%2Fwp%2Fv2%2Ftags&post=70689"}],"curies":[{"name":"wp","href":"https:\/\/api.w.org\/{rel}","templated":true}]}}