{"id":70725,"date":"2026-04-10T19:09:07","date_gmt":"2026-04-11T02:09:07","guid":{"rendered":"https:\/\/elpajaritonews.com\/?p=70725"},"modified":"2026-04-10T19:09:09","modified_gmt":"2026-04-11T02:09:09","slug":"congreso-de-sonora-inicia-parlamento-abierto-para-nueva-ley-de-mecanismos-alternativos-de-solucion-de-controversias","status":"publish","type":"post","link":"https:\/\/elpajaritonews.com\/?p=70725","title":{"rendered":"CONGRESO DE SONORA INICIA PARLAMENTO ABIERTO PARA NUEVA LEY DE MECANISMOS ALTERNATIVOS DE SOLUCI\u00d3N DE CONTROVERSIAS"},"content":{"rendered":"\n<p class=\"wp-block-paragraph\"><strong>HERMOSILLO, SONORA.<\/strong> \u2014 Con el objetivo de modernizar la impartici\u00f3n de justicia y fomentar una cultura de paz, el <strong>Congreso del Estado de Sonora<\/strong> puso en marcha el primer ejercicio de parlamento abierto para analizar la iniciativa de la <strong>Ley de Mecanismos Alternativos de Soluci\u00f3n de Controversias<\/strong>.<\/p>\n\n\n\n<p class=\"wp-block-paragraph\">Los trabajos, coordinados por la Comisi\u00f3n de Gobernaci\u00f3n y Puntos Constitucionales, fueron encabezados por el diputado <strong>Julio C\u00e9sar Navarro Contreras<\/strong> (Morena), con la participaci\u00f3n de la diputada <strong>Alicia Gayt\u00e1n S\u00e1nchez<\/strong> (Morena) y representantes de los tres poderes del Estado, organismos aut\u00f3nomos y la academia.<\/p>\n\n\n\n<figure class=\"wp-block-embed is-type-video is-provider-youtube wp-block-embed-youtube wp-embed-aspect-16-9 wp-has-aspect-ratio\"><div class=\"wp-block-embed__wrapper\">\n<iframe loading=\"lazy\" title=\"9 de Abril 2026 - Foro de Socializaci\u00f3n de Iniciativa de Ley\" width=\"640\" height=\"360\" src=\"https:\/\/www.youtube.com\/embed\/U53LqWpKlQY?feature=oembed\" frameborder=\"0\" allow=\"accelerometer; autoplay; clipboard-write; encrypted-media; gyroscope; picture-in-picture; web-share\" referrerpolicy=\"strict-origin-when-cross-origin\" allowfullscreen><\/iframe>\n<\/div><\/figure>\n\n\n\n<hr class=\"wp-block-separator has-alpha-channel-opacity\"\/>\n\n\n\n<h3 class=\"wp-block-heading\">Un marco legal moderno y digital<\/h3>\n\n\n\n<p class=\"wp-block-paragraph\">El proyecto, presentado por <strong>Pavel N\u00fa\u00f1ez Moreno<\/strong>, director Jur\u00eddico del Congreso, propone una reestructuraci\u00f3n profunda del sistema actual:<\/p>\n\n\n\n<ul class=\"wp-block-list\">\n<li><strong>Estructura:<\/strong> Consta de <strong>172 art\u00edculos<\/strong> distribuidos en nueve cap\u00edtulos.<\/li>\n\n\n\n<li><strong>Actualizaci\u00f3n:<\/strong> Abroga la legislaci\u00f3n vigente desde 2008 para adaptarse a las necesidades contempor\u00e1neas.<\/li>\n\n\n\n<li><strong>Innovaci\u00f3n:<\/strong> Incorpora <strong>mecanismos en l\u00ednea<\/strong> y ampl\u00eda su alcance a la materia administrativa.<\/li>\n\n\n\n<li><strong>Profesionalizaci\u00f3n:<\/strong> Establece la <strong>certificaci\u00f3n obligatoria<\/strong> para facilitadores, garantizando un servicio de calidad.<\/li>\n<\/ul>\n\n\n\n<blockquote class=\"wp-block-quote is-layout-flow wp-block-quote-is-layout-flow\">\n<p class=\"wp-block-paragraph\">\u00abLa propuesta busca fortalecer la mediaci\u00f3n, conciliaci\u00f3n y arbitraje, privilegiando el di\u00e1logo y la soluci\u00f3n pac\u00edfica para lograr procesos m\u00e1s \u00e1giles\u00bb, explic\u00f3 N\u00fa\u00f1ez Moreno durante la exposici\u00f3n de motivos.<\/p>\n<\/blockquote>\n\n\n\n<hr class=\"wp-block-separator has-alpha-channel-opacity\"\/>\n\n\n\n<h3 class=\"wp-block-heading\">Di\u00e1logo plural y socializaci\u00f3n<\/h3>\n\n\n\n<p class=\"wp-block-paragraph\">El evento cont\u00f3 con la presencia de actores clave del sector jur\u00eddico, entre ellos:<\/p>\n\n\n\n<ul class=\"wp-block-list\">\n<li>Secretar\u00eda de Gobierno y Consejer\u00eda Jur\u00eddica.<\/li>\n\n\n\n<li>Supremo Tribunal de Justicia (STJ) y Tribunal de Justicia Administrativa (TJA).<\/li>\n\n\n\n<li>Fiscal\u00eda General de Justicia del Estado (FGJE).<\/li>\n\n\n\n<li>Centro de Conciliaci\u00f3n Laboral e Instituto de Mediaci\u00f3n.<\/li>\n\n\n\n<li>Estudiantes de la Licenciatura en Derecho de la <strong>Universidad de Sonora (Unison)<\/strong>.<\/li>\n<\/ul>\n\n\n\n<p class=\"wp-block-paragraph\">Durante la jornada, los asistentes intercambiaron inquietudes y propuestas para robustecer el documento, asegurando que la ley responda a la realidad social de la entidad.<\/p>\n\n\n\n<h3 class=\"wp-block-heading\">Pr\u00f3ximos pasos y participaci\u00f3n ciudadana<\/h3>\n\n\n\n<p class=\"wp-block-paragraph\">El diputado Navarro Contreras enfatiz\u00f3 que la convocatoria sigue abierta a la ciudadan\u00eda. Las opiniones pueden enviarse a trav\u00e9s del micrositio oficial en <a target=\"_blank\" rel=\"noreferrer noopener\" href=\"https:\/\/www.congresoson.gob.mx\">congresoson.gob.mx<\/a>.<\/p>\n\n\n\n<p class=\"wp-block-paragraph\"><strong>Agende la fecha:<\/strong> El segundo ejercicio de parlamento abierto se llevar\u00e1 a cabo este <strong>viernes 10 de abril<\/strong>, a las <strong>11:00 horas<\/strong>, en el sal\u00f3n de Cabildo del municipio de <strong>Cajeme<\/strong>.<\/p>\n","protected":false},"excerpt":{"rendered":"<p>HERMOSILLO, SONORA. \u2014 Con el objetivo de modernizar la impartici\u00f3n de justicia y fomentar una cultura de paz, el Congreso del Estado de Sonora puso en marcha el primer ejercicio de parlamento abierto para analizar la iniciativa de la Ley de Mecanismos Alternativos de Soluci\u00f3n de Controversias. Los trabajos, coordinados por la Comisi\u00f3n de Gobernaci\u00f3n&#8230;<\/p>\n","protected":false},"author":2,"featured_media":70726,"comment_status":"closed","ping_status":"closed","sticky":false,"template":"","format":"standard","meta":{"_crdt_document":"","_exactmetrics_skip_tracking":false,"_exactmetrics_sitenote_active":false,"_exactmetrics_sitenote_note":"","_exactmetrics_sitenote_category":0,"footnotes":""},"categories":[20,26,31,27,69],"tags":[73],"class_list":["post-70725","post","type-post","status-publish","format-standard","has-post-thumbnail","hentry","category-congreso","category-local","category-politica","category-sonora","category-ultimas-noticias","tag-congreso-del-estado-de-sonora"],"_links":{"self":[{"href":"https:\/\/elpajaritonews.com\/index.php?rest_route=\/wp\/v2\/posts\/70725","targetHints":{"allow":["GET"]}}],"collection":[{"href":"https:\/\/elpajaritonews.com\/index.php?rest_route=\/wp\/v2\/posts"}],"about":[{"href":"https:\/\/elpajaritonews.com\/index.php?rest_route=\/wp\/v2\/types\/post"}],"author":[{"embeddable":true,"href":"https:\/\/elpajaritonews.com\/index.php?rest_route=\/wp\/v2\/users\/2"}],"replies":[{"embeddable":true,"href":"https:\/\/elpajaritonews.com\/index.php?rest_route=%2Fwp%2Fv2%2Fcomments&post=70725"}],"version-history":[{"count":1,"href":"https:\/\/elpajaritonews.com\/index.php?rest_route=\/wp\/v2\/posts\/70725\/revisions"}],"predecessor-version":[{"id":70727,"href":"https:\/\/elpajaritonews.com\/index.php?rest_route=\/wp\/v2\/posts\/70725\/revisions\/70727"}],"wp:featuredmedia":[{"embeddable":true,"href":"https:\/\/elpajaritonews.com\/index.php?rest_route=\/wp\/v2\/media\/70726"}],"wp:attachment":[{"href":"https:\/\/elpajaritonews.com\/index.php?rest_route=%2Fwp%2Fv2%2Fmedia&parent=70725"}],"wp:term":[{"taxonomy":"category","embeddable":true,"href":"https:\/\/elpajaritonews.com\/index.php?rest_route=%2Fwp%2Fv2%2Fcategories&post=70725"},{"taxonomy":"post_tag","embeddable":true,"href":"https:\/\/elpajaritonews.com\/index.php?rest_route=%2Fwp%2Fv2%2Ftags&post=70725"}],"curies":[{"name":"wp","href":"https:\/\/api.w.org\/{rel}","templated":true}]}}