{"id":70738,"date":"2026-04-11T15:21:13","date_gmt":"2026-04-11T22:21:13","guid":{"rendered":"https:\/\/elpajaritonews.com\/?p=70738"},"modified":"2026-04-11T15:21:14","modified_gmt":"2026-04-11T22:21:14","slug":"sonora-logra-record-historico-se-consolida-como-lider-en-manufactura-avanzada-en-la-frontera-norte","status":"publish","type":"post","link":"https:\/\/elpajaritonews.com\/?p=70738","title":{"rendered":"SONORA LOGRA R\u00c9CORD HIST\u00d3RICO: SE CONSOLIDA COMO L\u00cdDER EN MANUFACTURA AVANZADA EN LA FRONTERA NORTE"},"content":{"rendered":"\n<hr class=\"wp-block-separator has-alpha-channel-opacity\"\/>\n\n\n\n<p class=\"wp-block-paragraph\"><strong>HERMOSILLO, SONORA.<\/strong> \u2013 El estado de Sonora ha marcado un hito en su historia econ\u00f3mica al posicionarse como el <strong>segundo lugar nacional<\/strong> en producci\u00f3n manufacturera y el <strong>l\u00edder absoluto en la frontera norte<\/strong>. Con una puntuaci\u00f3n r\u00e9cord de <strong>125.3 puntos<\/strong>, la entidad registra un crecimiento del <strong>5%<\/strong> en el sector de manufactura avanzada.<\/p>\n\n\n\n<p class=\"wp-block-paragraph\">Estos resultados, derivados del m\u00e1s reciente reporte del <strong>INEGI<\/strong>, reflejan el fortalecimiento industrial bajo la gesti\u00f3n del gobernador <strong>Alfonso Durazo Monta\u00f1o<\/strong>, quien destac\u00f3 que este dinamismo es producto de una pol\u00edtica industrial s\u00f3lida y estrat\u00e9gica.<\/p>\n\n\n\n<h3 class=\"wp-block-heading\">Crecimiento Exponencial y Cifras Hist\u00f3ricas<\/h3>\n\n\n\n<p class=\"wp-block-paragraph\">El salto cualitativo de la industria sonorense es evidente al comparar los indicadores actuales con a\u00f1os previos:<\/p>\n\n\n\n<ul class=\"wp-block-list\">\n<li><strong>Puntaje hist\u00f3rico:<\/strong> Los 125.3 puntos actuales superan con creces los 101.7 registrados en 2021.<\/li>\n\n\n\n<li><strong>Diciembre de r\u00e9cord:<\/strong> Solo en diciembre de 2025, la producci\u00f3n creci\u00f3 un <strong>20%<\/strong> en comparaci\u00f3n con el mismo mes del a\u00f1o anterior.<\/li>\n\n\n\n<li><strong>Consistencia:<\/strong> Por segundo mes consecutivo, el estado se mantiene a la cabeza en dinamismo manufacturero.<\/li>\n<\/ul>\n\n\n\n<blockquote class=\"wp-block-quote is-layout-flow wp-block-quote-is-layout-flow\">\n<p class=\"wp-block-paragraph\">\u00abEste \u00e9xito es evidencia directa del impacto del <strong>Plan Sonora de Energ\u00edas Sostenibles<\/strong>, que ha potenciado sectores clave como el automotriz, aeroespacial, el\u00e9ctrico y electr\u00f3nico\u00bb, indic\u00f3 el mandatario estatal.<\/p>\n<\/blockquote>\n\n\n\n<hr class=\"wp-block-separator has-alpha-channel-opacity\"\/>\n\n\n\n<h3 class=\"wp-block-heading\">Sonora se Desmarca de la Tendencia Fronteriza<\/h3>\n\n\n\n<p class=\"wp-block-paragraph\">Mientras que otros estados con fuerte tradici\u00f3n industrial en el norte del pa\u00eds enfrentan un periodo de estancamiento o retroceso, Sonora mantiene su tendencia al alza. El contraste es notable frente a sus vecinos:<\/p>\n\n\n\n<figure class=\"wp-block-table\"><table class=\"has-fixed-layout\"><thead><tr><td><strong>Estado<\/strong><\/td><td><strong>Variaci\u00f3n en Producci\u00f3n<\/strong><\/td><\/tr><\/thead><tbody><tr><td><strong>Sonora<\/strong><\/td><td><strong>+5.0% (Crecimiento)<\/strong><\/td><\/tr><tr><td>Tamaulipas<\/td><td>+2.9%<\/td><\/tr><tr><td>Chihuahua<\/td><td>0% (Estancamiento)<\/td><\/tr><tr><td>Nuevo Le\u00f3n<\/td><td>-1.1%<\/td><\/tr><tr><td>Baja California<\/td><td>-1.3%<\/td><\/tr><tr><td>Coahuila<\/td><td>-6.2%<\/td><\/tr><\/tbody><\/table><\/figure>\n\n\n\n<h3 class=\"wp-block-heading\">Un Futuro Impulsado por la Innovaci\u00f3n<\/h3>\n\n\n\n<p class=\"wp-block-paragraph\">El liderazgo sonorense no es casualidad; responde a la atracci\u00f3n de inversiones de alto valor tecnol\u00f3gico y al fortalecimiento de la infraestructura industrial. Con este panorama, el Gobierno del Estado refrenda su compromiso de seguir posicionando a Sonora como un <strong>referente nacional en manufactura avanzada<\/strong>, asegurando la creaci\u00f3n de empleos de calidad y un desarrollo econ\u00f3mico sostenible para las familias sonorenses.<\/p>\n","protected":false},"excerpt":{"rendered":"<p>HERMOSILLO, SONORA. \u2013 El estado de Sonora ha marcado un hito en su historia econ\u00f3mica al posicionarse como el segundo lugar nacional en producci\u00f3n manufacturera y el l\u00edder absoluto en la frontera norte. Con una puntuaci\u00f3n r\u00e9cord de 125.3 puntos, la entidad registra un crecimiento del 5% en el sector de manufactura avanzada. Estos resultados,&#8230;<\/p>\n","protected":false},"author":2,"featured_media":70739,"comment_status":"closed","ping_status":"closed","sticky":false,"template":"","format":"standard","meta":{"_crdt_document":"","_exactmetrics_skip_tracking":false,"_exactmetrics_sitenote_active":false,"_exactmetrics_sitenote_note":"","_exactmetrics_sitenote_category":0,"footnotes":""},"categories":[18,36,26,23,31,1,27,69],"tags":[71,72,74,28,30],"class_list":["post-70738","post","type-post","status-publish","format-standard","has-post-thumbnail","hentry","category-ciencia","category-economia","category-local","category-mexico","category-politica","category-seguridad","category-sonora","category-ultimas-noticias","tag-alfonso-durazo","tag-claudia-sheinbaum","tag-hermosillo","tag-nogales","tag-sonora-tierra-de-oportunidades"],"_links":{"self":[{"href":"https:\/\/elpajaritonews.com\/index.php?rest_route=\/wp\/v2\/posts\/70738","targetHints":{"allow":["GET"]}}],"collection":[{"href":"https:\/\/elpajaritonews.com\/index.php?rest_route=\/wp\/v2\/posts"}],"about":[{"href":"https:\/\/elpajaritonews.com\/index.php?rest_route=\/wp\/v2\/types\/post"}],"author":[{"embeddable":true,"href":"https:\/\/elpajaritonews.com\/index.php?rest_route=\/wp\/v2\/users\/2"}],"replies":[{"embeddable":true,"href":"https:\/\/elpajaritonews.com\/index.php?rest_route=%2Fwp%2Fv2%2Fcomments&post=70738"}],"version-history":[{"count":1,"href":"https:\/\/elpajaritonews.com\/index.php?rest_route=\/wp\/v2\/posts\/70738\/revisions"}],"predecessor-version":[{"id":70740,"href":"https:\/\/elpajaritonews.com\/index.php?rest_route=\/wp\/v2\/posts\/70738\/revisions\/70740"}],"wp:featuredmedia":[{"embeddable":true,"href":"https:\/\/elpajaritonews.com\/index.php?rest_route=\/wp\/v2\/media\/70739"}],"wp:attachment":[{"href":"https:\/\/elpajaritonews.com\/index.php?rest_route=%2Fwp%2Fv2%2Fmedia&parent=70738"}],"wp:term":[{"taxonomy":"category","embeddable":true,"href":"https:\/\/elpajaritonews.com\/index.php?rest_route=%2Fwp%2Fv2%2Fcategories&post=70738"},{"taxonomy":"post_tag","embeddable":true,"href":"https:\/\/elpajaritonews.com\/index.php?rest_route=%2Fwp%2Fv2%2Ftags&post=70738"}],"curies":[{"name":"wp","href":"https:\/\/api.w.org\/{rel}","templated":true}]}}