{"id":70744,"date":"2026-04-12T16:04:42","date_gmt":"2026-04-12T23:04:42","guid":{"rendered":"https:\/\/elpajaritonews.com\/?p=70744"},"modified":"2026-04-12T16:04:44","modified_gmt":"2026-04-12T23:04:44","slug":"participa-diputado-ramon-flores-en-la-run-fest-3ra-carrera-por-el-autismo-en-san-carlos","status":"publish","type":"post","link":"https:\/\/elpajaritonews.com\/?p=70744","title":{"rendered":"PARTICIPA DIPUTADO\u00a0 RAM\u00d3N FLORES EN LA RUN FEST | 3RA CARRERA POR EL AUTISMO EN SAN CARLOS"},"content":{"rendered":"\n<p class=\"wp-block-paragraph\">El diputado federal Ram\u00f3n Flores particip\u00f3 la ma\u00f1ana de este d\u00eda, junto a su familia, en la RUN FEST | 3ra Carrera por el Autismo, realizada en San Carlos, sum\u00e1ndose a esta actividad que busca generar conciencia sobre el autismo y promover una sociedad m\u00e1s incluyente.<\/p>\n\n\n\n<p class=\"wp-block-paragraph\">Durante el evento, el legislador destac\u00f3 la importancia de visibilizar esta causa desde lo personal y lo colectivo, al compartir que, como t\u00edo de un ni\u00f1o con autismo, conoce de primera mano los retos y aprendizajes que implica. Se\u00f1al\u00f3 que su sobrino, Juan Carlos, es una de las principales motivaciones para participar a\u00f1o con a\u00f1o en este tipo de actividades que fortalecen la empat\u00eda y el compromiso social.<\/p>\n\n\n\n<p class=\"wp-block-paragraph\">Asimismo, Ram\u00f3n Flores subray\u00f3 la relevancia de seguir impulsando espacios que permitan sensibilizar a la sociedad y acompa\u00f1ar a las familias que viven esta condici\u00f3n, promoviendo acciones que contribuyan a una mayor inclusi\u00f3n.<\/p>\n\n\n\n<p class=\"wp-block-paragraph\">En el marco de la carrera, tambi\u00e9n tuvo la oportunidad de saludar a su amigo y regidor por Guaymas, Abraham Reyes, con quien coincidi\u00f3 en la importancia de sumar esfuerzos desd<\/p>\n","protected":false},"excerpt":{"rendered":"<p>El diputado federal Ram\u00f3n Flores particip\u00f3 la ma\u00f1ana de este d\u00eda, junto a su familia, en la RUN FEST | 3ra Carrera por el Autismo, realizada en San Carlos, sum\u00e1ndose a esta actividad que busca generar conciencia sobre el autismo y promover una sociedad m\u00e1s incluyente. Durante el evento, el legislador destac\u00f3 la importancia de&#8230;<\/p>\n","protected":false},"author":2,"featured_media":70745,"comment_status":"closed","ping_status":"closed","sticky":false,"template":"","format":"standard","meta":{"_crdt_document":"","_exactmetrics_skip_tracking":false,"_exactmetrics_sitenote_active":false,"_exactmetrics_sitenote_note":"","_exactmetrics_sitenote_category":0,"footnotes":""},"categories":[21,80,26,31,27,69],"tags":[71,73,74,28],"class_list":["post-70744","post","type-post","status-publish","format-standard","has-post-thumbnail","hentry","category-deportes","category-derechos-humanos","category-local","category-politica","category-sonora","category-ultimas-noticias","tag-alfonso-durazo","tag-congreso-del-estado-de-sonora","tag-hermosillo","tag-nogales"],"_links":{"self":[{"href":"https:\/\/elpajaritonews.com\/index.php?rest_route=\/wp\/v2\/posts\/70744","targetHints":{"allow":["GET"]}}],"collection":[{"href":"https:\/\/elpajaritonews.com\/index.php?rest_route=\/wp\/v2\/posts"}],"about":[{"href":"https:\/\/elpajaritonews.com\/index.php?rest_route=\/wp\/v2\/types\/post"}],"author":[{"embeddable":true,"href":"https:\/\/elpajaritonews.com\/index.php?rest_route=\/wp\/v2\/users\/2"}],"replies":[{"embeddable":true,"href":"https:\/\/elpajaritonews.com\/index.php?rest_route=%2Fwp%2Fv2%2Fcomments&post=70744"}],"version-history":[{"count":1,"href":"https:\/\/elpajaritonews.com\/index.php?rest_route=\/wp\/v2\/posts\/70744\/revisions"}],"predecessor-version":[{"id":70746,"href":"https:\/\/elpajaritonews.com\/index.php?rest_route=\/wp\/v2\/posts\/70744\/revisions\/70746"}],"wp:featuredmedia":[{"embeddable":true,"href":"https:\/\/elpajaritonews.com\/index.php?rest_route=\/wp\/v2\/media\/70745"}],"wp:attachment":[{"href":"https:\/\/elpajaritonews.com\/index.php?rest_route=%2Fwp%2Fv2%2Fmedia&parent=70744"}],"wp:term":[{"taxonomy":"category","embeddable":true,"href":"https:\/\/elpajaritonews.com\/index.php?rest_route=%2Fwp%2Fv2%2Fcategories&post=70744"},{"taxonomy":"post_tag","embeddable":true,"href":"https:\/\/elpajaritonews.com\/index.php?rest_route=%2Fwp%2Fv2%2Ftags&post=70744"}],"curies":[{"name":"wp","href":"https:\/\/api.w.org\/{rel}","templated":true}]}}