{"id":70750,"date":"2026-04-12T18:42:34","date_gmt":"2026-04-13T01:42:34","guid":{"rendered":"https:\/\/elpajaritonews.com\/?p=70750"},"modified":"2026-04-12T18:42:36","modified_gmt":"2026-04-13T01:42:36","slug":"entregan-en-1500-escrituras-en-agua-prieta-garantizan-patrimonio-tras-20-anos-de-espera","status":"publish","type":"post","link":"https:\/\/elpajaritonews.com\/?p=70750","title":{"rendered":"ENTREGAN EN 1,500 ESCRITURAS EN AGUA PRIETA; GARANTIZAN PATRIMONIO TRAS 20 A\u00d1OS DE ESPERA"},"content":{"rendered":"\n<p class=\"wp-block-paragraph\"><strong>AGUA PRIETA, SONORA.<\/strong> En un acto de justicia social que pone fin a una espera de m\u00e1s de dos d\u00e9cadas, el gobernador <strong>Alfonso Durazo Monta\u00f1o<\/strong>, junto a la titular de la Sedatu, <strong>Edna Vega Rangel<\/strong>, encabez\u00f3 la entrega de <strong>mil 500 escrituras<\/strong> a familias de esta frontera, brindando finalmente certeza jur\u00eddica sobre su patrimonio.<\/p>\n\n\n\n<h3 class=\"wp-block-heading\">Un compromiso con la certeza jur\u00eddica<\/h3>\n\n\n\n<p class=\"wp-block-paragraph\">Durante el evento, el mandatario estatal enfatiz\u00f3 que la regularizaci\u00f3n de la propiedad no es solo un tr\u00e1mite administrativo, sino un acto que devuelve la dignidad y el valor real al esfuerzo de las familias sonorenses.<\/p>\n\n\n\n<blockquote class=\"wp-block-quote is-layout-flow wp-block-quote-is-layout-flow\">\n<p class=\"wp-block-paragraph\">\u201cHoy no estamos solo entreg\u00e1ndoles un documento, estamos d\u00e1ndole certeza jur\u00eddica, estamos d\u00e1ndoles valor a su propiedad, porque una casa sin papeles no vale nada\u00bb, afirm\u00f3 el gobernador Durazo.<\/p>\n<\/blockquote>\n\n\n\n<p class=\"wp-block-paragraph\">El mandatario subray\u00f3 que estas acciones definen el sentido de la <strong>Cuarta Transformaci\u00f3n<\/strong>, priorizando la atenci\u00f3n integral de los sectores hist\u00f3ricamente vulnerados bajo la premisa de \u00abpor el bien de todos, primero los pobres\u00bb.<\/p>\n\n\n\n<hr class=\"wp-block-separator has-alpha-channel-opacity\"\/>\n\n\n\n<h3 class=\"wp-block-heading\">Respaldo del Gobierno Federal<\/h3>\n\n\n\n<p class=\"wp-block-paragraph\">Por su parte, <strong>Edna Vega Rangel<\/strong>, secretaria de Desarrollo Agrario, Territorial y Urbano (Sedatu), destac\u00f3 que estas entregas son un pilar del <strong>Programa de Vivienda para el Bienestar<\/strong> impulsado por la presidenta <strong>Claudia Sheinbaum<\/strong>.<\/p>\n\n\n\n<ul class=\"wp-block-list\">\n<li><strong>Objetivo:<\/strong> Brindar respaldo legal oficial a quienes ya habitaban y cuidaban sus hogares pero carec\u00edan de t\u00edtulos.<\/li>\n\n\n\n<li><strong>Meta Estatal:<\/strong> Alfonso Durazo record\u00f3 que, como parte de este programa nacional, en Sonora se proyecta la construcci\u00f3n de m\u00e1s de <strong>65 mil viviendas nuevas<\/strong>.<\/li>\n<\/ul>\n\n\n\n<hr class=\"wp-block-separator has-alpha-channel-opacity\"\/>\n\n\n\n<h3 class=\"wp-block-heading\">Deporte y Transformaci\u00f3n Social: Rumbo al Mundial 2026<\/h3>\n\n\n\n<p class=\"wp-block-paragraph\">En el marco de la jornada, se formaliz\u00f3 la creaci\u00f3n del <strong>Comit\u00e9 Estatal de Proyectos Comunitarios<\/strong> para el <strong>Mundial Social M\u00e9xico 2026<\/strong>, con la participaci\u00f3n de <strong>Gabriela Cuevas<\/strong>, representante gubernamental para la justa mundialista.<\/p>\n\n\n\n<p class=\"wp-block-paragraph\">Este proyecto busca democratizar los beneficios del evento deportivo a trav\u00e9s de la infraestructura comunitaria:<\/p>\n\n\n\n<ol start=\"1\" class=\"wp-block-list\">\n<li><strong>Impacto:<\/strong> Rehabilitaci\u00f3n y construcci\u00f3n de <strong>200 canchas de f\u00fatbol<\/strong> en Sonora.<\/li>\n\n\n\n<li><strong>Distribuci\u00f3n:<\/strong> 157 espacios a cargo del Gobierno del Estado y 43 bajo la tutela de Sedatu (28 nuevas y 15 rehabilitadas).<\/li>\n<\/ol>\n\n\n\n<p class=\"wp-block-paragraph\">El gobernador se\u00f1al\u00f3 que el \u00abMundial Social\u00bb busca romper con el car\u00e1cter elitista de estos eventos, transformando el impacto econ\u00f3mico y tur\u00edstico en un <strong>beneficio social directo<\/strong> para las infancias y juventudes sonorenses.<\/p>\n\n\n\n<hr class=\"wp-block-separator has-alpha-channel-opacity\"\/>\n\n\n\n<h3 class=\"wp-block-heading\">Presidium y personalidades<\/h3>\n\n\n\n<p class=\"wp-block-paragraph\">Al evento asistieron figuras clave del gabinete estatal y federal, entre ellos:<\/p>\n\n\n\n<ul class=\"wp-block-list\">\n<li><strong>V\u00edctor Rub\u00e9n Guzm\u00e1n Dagnino<\/strong> (INSUS).<\/li>\n\n\n\n<li><strong>Lorenia Valles Sampedro<\/strong> y <strong>Heriberto Aguilar<\/strong> (Senadores).<\/li>\n\n\n\n<li><strong>Jos\u00e9 Manuel Quijada Lamadrid<\/strong> (Alcalde de Agua Prieta).<\/li>\n\n\n\n<li><strong>Fernando Rojo de la Vega<\/strong> (Secretario de Bienestar en Sonora).<\/li>\n\n\n\n<li><strong>Javier Lamarque Cano<\/strong> (Alcalde de Cajeme).<\/li>\n<\/ul>\n","protected":false},"excerpt":{"rendered":"<p>AGUA PRIETA, SONORA. En un acto de justicia social que pone fin a una espera de m\u00e1s de dos d\u00e9cadas, el gobernador Alfonso Durazo Monta\u00f1o, junto a la titular de la Sedatu, Edna Vega Rangel, encabez\u00f3 la entrega de mil 500 escrituras a familias de esta frontera, brindando finalmente certeza jur\u00eddica sobre su patrimonio. Un&#8230;<\/p>\n","protected":false},"author":2,"featured_media":70751,"comment_status":"closed","ping_status":"closed","sticky":false,"template":"","format":"standard","meta":{"_crdt_document":"","_exactmetrics_skip_tracking":false,"_exactmetrics_sitenote_active":false,"_exactmetrics_sitenote_note":"","_exactmetrics_sitenote_category":0,"footnotes":""},"categories":[36,31,27,69],"tags":[71,72,74,28,30],"class_list":["post-70750","post","type-post","status-publish","format-standard","has-post-thumbnail","hentry","category-economia","category-politica","category-sonora","category-ultimas-noticias","tag-alfonso-durazo","tag-claudia-sheinbaum","tag-hermosillo","tag-nogales","tag-sonora-tierra-de-oportunidades"],"_links":{"self":[{"href":"https:\/\/elpajaritonews.com\/index.php?rest_route=\/wp\/v2\/posts\/70750","targetHints":{"allow":["GET"]}}],"collection":[{"href":"https:\/\/elpajaritonews.com\/index.php?rest_route=\/wp\/v2\/posts"}],"about":[{"href":"https:\/\/elpajaritonews.com\/index.php?rest_route=\/wp\/v2\/types\/post"}],"author":[{"embeddable":true,"href":"https:\/\/elpajaritonews.com\/index.php?rest_route=\/wp\/v2\/users\/2"}],"replies":[{"embeddable":true,"href":"https:\/\/elpajaritonews.com\/index.php?rest_route=%2Fwp%2Fv2%2Fcomments&post=70750"}],"version-history":[{"count":1,"href":"https:\/\/elpajaritonews.com\/index.php?rest_route=\/wp\/v2\/posts\/70750\/revisions"}],"predecessor-version":[{"id":70752,"href":"https:\/\/elpajaritonews.com\/index.php?rest_route=\/wp\/v2\/posts\/70750\/revisions\/70752"}],"wp:featuredmedia":[{"embeddable":true,"href":"https:\/\/elpajaritonews.com\/index.php?rest_route=\/wp\/v2\/media\/70751"}],"wp:attachment":[{"href":"https:\/\/elpajaritonews.com\/index.php?rest_route=%2Fwp%2Fv2%2Fmedia&parent=70750"}],"wp:term":[{"taxonomy":"category","embeddable":true,"href":"https:\/\/elpajaritonews.com\/index.php?rest_route=%2Fwp%2Fv2%2Fcategories&post=70750"},{"taxonomy":"post_tag","embeddable":true,"href":"https:\/\/elpajaritonews.com\/index.php?rest_route=%2Fwp%2Fv2%2Ftags&post=70750"}],"curies":[{"name":"wp","href":"https:\/\/api.w.org\/{rel}","templated":true}]}}