{"id":70761,"date":"2026-04-12T21:01:29","date_gmt":"2026-04-13T04:01:29","guid":{"rendered":"https:\/\/elpajaritonews.com\/?p=70761"},"modified":"2026-04-12T21:01:31","modified_gmt":"2026-04-13T04:01:31","slug":"el-partido-verde-en-sonora-se-deslinda-de-regidora-angelica-valdes-tras-su-detencion-y-niega-vinculo-politico","status":"publish","type":"post","link":"https:\/\/elpajaritonews.com\/?p=70761","title":{"rendered":"EL PARTIDO VERDE EN SONORA SE DESLINDA DE REGIDORA ANG\u00c9LICA VALD\u00c9S TRAS SU DETENCI\u00d3N Y NIEGA V\u00cdNCULO POL\u00cdTICO"},"content":{"rendered":"\n<p class=\"wp-block-paragraph\">El <strong>Partido Verde Ecologista de M\u00e9xico (PVEM) en Sonora<\/strong> ha fijado una postura oficial y contundente respecto a la situaci\u00f3n legal de la regidora <strong>Ang\u00e9lica Vald\u00e9s<\/strong>. A trav\u00e9s de un comunicado, la dirigencia estatal marc\u00f3 una l\u00ednea clara entre el instituto pol\u00edtico y la funcionaria.<\/p>\n\n\n\n<h3 class=\"wp-block-heading\">\ud83d\udd39 Puntos clave del comunicado:<\/h3>\n\n\n\n<ul class=\"wp-block-list\">\n<li><strong>Sin militancia:<\/strong> El partido precis\u00f3 que Vald\u00e9s <strong>no es militante ni simpatizante<\/strong> del PVEM.<\/li>\n\n\n\n<li><strong>Origen pol\u00edtico:<\/strong> Se aclar\u00f3 que su participaci\u00f3n se limit\u00f3 a una postulaci\u00f3n externa y que su verdadera trayectoria y v\u00ednculo corresponden a la <strong>Confederaci\u00f3n de Trabajadores de M\u00e9xico (CTM)<\/strong>.<\/li>\n\n\n\n<li><strong>Deslinde total:<\/strong> El PVEM se deslind\u00f3 de manera \u00abclara y categ\u00f3rica\u00bb de cualquier conducta o hecho individual en el que la regidora se vea involucrada.<\/li>\n<\/ul>\n\n\n\n<blockquote class=\"wp-block-quote is-layout-flow wp-block-quote-is-layout-flow\">\n<p class=\"wp-block-paragraph\">\u201cEl Partido Verde reitera que no mantiene relaci\u00f3n alguna con la mencionada regidora\u201d, dicta el documento oficial.<\/p>\n<\/blockquote>\n\n\n\n<h3 class=\"wp-block-heading\">\u2696\ufe0f Respeto a la legalidad<\/h3>\n\n\n\n<p class=\"wp-block-paragraph\">El organismo manifest\u00f3 su confianza en las autoridades para que el proceso de investigaci\u00f3n se realice conforme a derecho, subrayando que:<\/p>\n\n\n\n<ol start=\"1\" class=\"wp-block-list\">\n<li>Se debe garantizar el <strong>debido proceso<\/strong>.<\/li>\n\n\n\n<li>La regidora deber\u00e1 ejercer su defensa de manera individual ante las instancias correspondientes.<\/li>\n\n\n\n<li>El partido mantiene su compromiso inquebrantable con la <strong>transparencia y el Estado de Derecho<\/strong>.<\/li>\n<\/ol>\n\n\n\n<hr class=\"wp-block-separator has-alpha-channel-opacity\"\/>\n\n\n\n<p class=\"wp-block-paragraph\">#Sonora #PartidoVerde #Pol\u00edticaSonora #Noticias #PVEM<\/p>\n","protected":false},"excerpt":{"rendered":"<p>El Partido Verde Ecologista de M\u00e9xico (PVEM) en Sonora ha fijado una postura oficial y contundente respecto a la situaci\u00f3n legal de la regidora Ang\u00e9lica Vald\u00e9s. A trav\u00e9s de un comunicado, la dirigencia estatal marc\u00f3 una l\u00ednea clara entre el instituto pol\u00edtico y la funcionaria. \ud83d\udd39 Puntos clave del comunicado: \u201cEl Partido Verde reitera que&#8230;<\/p>\n","protected":false},"author":2,"featured_media":70762,"comment_status":"closed","ping_status":"closed","sticky":false,"template":"","format":"standard","meta":{"_crdt_document":"","_exactmetrics_skip_tracking":false,"_exactmetrics_sitenote_active":false,"_exactmetrics_sitenote_note":"","_exactmetrics_sitenote_category":0,"footnotes":""},"categories":[88,26,31,1,27,69],"tags":[74,75],"class_list":["post-70761","post","type-post","status-publish","format-standard","has-post-thumbnail","hentry","category-justicia","category-local","category-politica","category-seguridad","category-sonora","category-ultimas-noticias","tag-hermosillo","tag-seguridad-publica"],"_links":{"self":[{"href":"https:\/\/elpajaritonews.com\/index.php?rest_route=\/wp\/v2\/posts\/70761","targetHints":{"allow":["GET"]}}],"collection":[{"href":"https:\/\/elpajaritonews.com\/index.php?rest_route=\/wp\/v2\/posts"}],"about":[{"href":"https:\/\/elpajaritonews.com\/index.php?rest_route=\/wp\/v2\/types\/post"}],"author":[{"embeddable":true,"href":"https:\/\/elpajaritonews.com\/index.php?rest_route=\/wp\/v2\/users\/2"}],"replies":[{"embeddable":true,"href":"https:\/\/elpajaritonews.com\/index.php?rest_route=%2Fwp%2Fv2%2Fcomments&post=70761"}],"version-history":[{"count":1,"href":"https:\/\/elpajaritonews.com\/index.php?rest_route=\/wp\/v2\/posts\/70761\/revisions"}],"predecessor-version":[{"id":70763,"href":"https:\/\/elpajaritonews.com\/index.php?rest_route=\/wp\/v2\/posts\/70761\/revisions\/70763"}],"wp:featuredmedia":[{"embeddable":true,"href":"https:\/\/elpajaritonews.com\/index.php?rest_route=\/wp\/v2\/media\/70762"}],"wp:attachment":[{"href":"https:\/\/elpajaritonews.com\/index.php?rest_route=%2Fwp%2Fv2%2Fmedia&parent=70761"}],"wp:term":[{"taxonomy":"category","embeddable":true,"href":"https:\/\/elpajaritonews.com\/index.php?rest_route=%2Fwp%2Fv2%2Fcategories&post=70761"},{"taxonomy":"post_tag","embeddable":true,"href":"https:\/\/elpajaritonews.com\/index.php?rest_route=%2Fwp%2Fv2%2Ftags&post=70761"}],"curies":[{"name":"wp","href":"https:\/\/api.w.org\/{rel}","templated":true}]}}