{"id":70767,"date":"2026-04-13T12:02:50","date_gmt":"2026-04-13T19:02:50","guid":{"rendered":"https:\/\/elpajaritonews.com\/?p=70767"},"modified":"2026-04-13T12:02:52","modified_gmt":"2026-04-13T19:02:52","slug":"trump-publica-una-imagen-en-la-que-se-convierte-en-un-aparente-jesucristo-sanador","status":"publish","type":"post","link":"https:\/\/elpajaritonews.com\/?p=70767","title":{"rendered":"TRUMP PUBLICA UNA IMAGEN EN LA QUE SE CONVIERTE EN UN APARENTE JESUCRISTO SANADOR"},"content":{"rendered":"\n<p class=\"wp-block-paragraph\"><strong>Redacci\u00f3n Internacional (EFE)<\/strong> \u2013 El presidente de Estados Unidos, <strong>Donald Trump<\/strong>, ha vuelto a encender las redes sociales con una publicaci\u00f3n que mezcla religi\u00f3n, patriotismo y tecnolog\u00eda. A trav\u00e9s de su plataforma <strong>Truth Social<\/strong>, el mandatario comparti\u00f3 una imagen \u2014aparentemente generada por Inteligencia Artificial\u2014 donde se le observa encarnando una figura mesi\u00e1nica, similar a la de un <strong>Jesucristo sanador<\/strong>, mientras asiste a un enfermo.<\/p>\n\n\n\n<hr class=\"wp-block-separator has-alpha-channel-opacity\"\/>\n\n\n\n<h3 class=\"wp-block-heading\"><strong>Simbolismo y controversia<\/strong><\/h3>\n\n\n\n<p class=\"wp-block-paragraph\">La composici\u00f3n de la imagen no escatima en detalles simb\u00f3licos que refuerzan su narrativa pol\u00edtica:<\/p>\n\n\n\n<ul class=\"wp-block-list\">\n<li><strong>Escena central:<\/strong> Trump aparece rodeado de militares, personal sanitario y una mujer civil en actitud de oraci\u00f3n.<\/li>\n\n\n\n<li><strong>Fondo patri\u00f3tico:<\/strong> Se aprecian la bandera estadounidense, \u00e1guilas en vuelo y monumentos ic\u00f3nicos de EE. UU.<\/li>\n\n\n\n<li><strong>Elementos celestiales:<\/strong> En el cielo, soldados aparecen representados a modo de \u00e1ngeles custodiando la escena junto a la Estatua de la Libertad.<\/li>\n<\/ul>\n\n\n\n<h3 class=\"wp-block-heading\"><strong>Fricciones con el Vaticano<\/strong><\/h3>\n\n\n\n<p class=\"wp-block-paragraph\">Esta publicaci\u00f3n surge en un momento de alta tensi\u00f3n diplom\u00e1tica y religiosa. Horas antes, Trump arremeti\u00f3 contra el <strong>papa Le\u00f3n XIV<\/strong>, calific\u00e1ndolo de <strong>\u00abd\u00e9bil\u00bb<\/strong> y \u00abterrible en pol\u00edtica exterior\u00bb tras las cr\u00edticas del pont\u00edfice sobre la situaci\u00f3n en Ir\u00e1n y Venezuela.<\/p>\n\n\n\n<blockquote class=\"wp-block-quote is-layout-flow wp-block-quote-is-layout-flow\">\n<p class=\"wp-block-paragraph\">\u00abEl papa Le\u00f3n es D\u00c9BIL con el crimen&#8230; debe dejar de complacer a la izquierda radical y concentrarse en ser un gran papa, no un pol\u00edtico\u00bb, sentenci\u00f3 el republicano en sus redes.<\/p>\n<\/blockquote>\n\n\n\n<hr class=\"wp-block-separator has-alpha-channel-opacity\"\/>\n\n\n\n<h3 class=\"wp-block-heading\"><strong>Rascacielos en la Luna<\/strong><\/h3>\n\n\n\n<p class=\"wp-block-paragraph\">No fue la \u00fanica imagen peculiar de la jornada. Trump tambi\u00e9n comparti\u00f3 una ilustraci\u00f3n de uno de sus caracter\u00edsticos rascacielos construido sobre la superficie lunar con forma de cohete.<\/p>\n\n\n\n<p class=\"wp-block-paragraph\">Esta pieza visual parece ser un gui\u00f1o al \u00e9xito reciente de la nave <strong>Orion<\/strong> de la NASA, que complet\u00f3 su misi\u00f3n alrededor de la Luna, subrayando la ambici\u00f3n espacial bajo una \u00f3ptica de marca personal.<\/p>\n\n\n\n<p class=\"wp-block-paragraph\">#Trump #Noticias #EEUU #Religi\u00f3n #IA #Actualidad #PapaLeonXIV<\/p>\n","protected":false},"excerpt":{"rendered":"<p>Redacci\u00f3n Internacional (EFE) \u2013 El presidente de Estados Unidos, Donald Trump, ha vuelto a encender las redes sociales con una publicaci\u00f3n que mezcla religi\u00f3n, patriotismo y tecnolog\u00eda. A trav\u00e9s de su plataforma Truth Social, el mandatario comparti\u00f3 una imagen \u2014aparentemente generada por Inteligencia Artificial\u2014 donde se le observa encarnando una figura mesi\u00e1nica, similar a la&#8230;<\/p>\n","protected":false},"author":2,"featured_media":70768,"comment_status":"closed","ping_status":"closed","sticky":false,"template":"","format":"standard","meta":{"_crdt_document":"","_exactmetrics_skip_tracking":false,"_exactmetrics_sitenote_active":false,"_exactmetrics_sitenote_note":"","_exactmetrics_sitenote_category":0,"footnotes":""},"categories":[17,89,24,31,1,27,69],"tags":[388,280,87,387,389,93],"class_list":["post-70767","post","type-post","status-publish","format-standard","has-post-thumbnail","hentry","category-arizona","category-estados-unidos","category-mundo","category-politica","category-seguridad","category-sonora","category-ultimas-noticias","tag-el-papa","tag-el-vaticano","tag-estados-unidos","tag-jesucristo","tag-religion","tag-trump"],"_links":{"self":[{"href":"https:\/\/elpajaritonews.com\/index.php?rest_route=\/wp\/v2\/posts\/70767","targetHints":{"allow":["GET"]}}],"collection":[{"href":"https:\/\/elpajaritonews.com\/index.php?rest_route=\/wp\/v2\/posts"}],"about":[{"href":"https:\/\/elpajaritonews.com\/index.php?rest_route=\/wp\/v2\/types\/post"}],"author":[{"embeddable":true,"href":"https:\/\/elpajaritonews.com\/index.php?rest_route=\/wp\/v2\/users\/2"}],"replies":[{"embeddable":true,"href":"https:\/\/elpajaritonews.com\/index.php?rest_route=%2Fwp%2Fv2%2Fcomments&post=70767"}],"version-history":[{"count":1,"href":"https:\/\/elpajaritonews.com\/index.php?rest_route=\/wp\/v2\/posts\/70767\/revisions"}],"predecessor-version":[{"id":70769,"href":"https:\/\/elpajaritonews.com\/index.php?rest_route=\/wp\/v2\/posts\/70767\/revisions\/70769"}],"wp:featuredmedia":[{"embeddable":true,"href":"https:\/\/elpajaritonews.com\/index.php?rest_route=\/wp\/v2\/media\/70768"}],"wp:attachment":[{"href":"https:\/\/elpajaritonews.com\/index.php?rest_route=%2Fwp%2Fv2%2Fmedia&parent=70767"}],"wp:term":[{"taxonomy":"category","embeddable":true,"href":"https:\/\/elpajaritonews.com\/index.php?rest_route=%2Fwp%2Fv2%2Fcategories&post=70767"},{"taxonomy":"post_tag","embeddable":true,"href":"https:\/\/elpajaritonews.com\/index.php?rest_route=%2Fwp%2Fv2%2Ftags&post=70767"}],"curies":[{"name":"wp","href":"https:\/\/api.w.org\/{rel}","templated":true}]}}