{"id":70786,"date":"2026-04-13T21:35:49","date_gmt":"2026-04-14T04:35:49","guid":{"rendered":"https:\/\/elpajaritonews.com\/?p=70786"},"modified":"2026-04-13T21:35:51","modified_gmt":"2026-04-14T04:35:51","slug":"el-congreso-de-sonora-analiza-en-parlamento-abierto-iniciativa-para-prevenir-la-mendicidad-y-explotacion-infantil","status":"publish","type":"post","link":"https:\/\/elpajaritonews.com\/?p=70786","title":{"rendered":"EL CONGRESO DE SONORA ANALIZA EN PARLAMENTO ABIERTO INICIATIVA PARA PREVENIR LA MENDICIDAD Y EXPLOTACI\u00d3N INFANTIL"},"content":{"rendered":"\n<p class=\"wp-block-paragraph\">&nbsp;Para fortalecer la iniciativa de reforma al marco jur\u00eddico local en materia de prevenci\u00f3n de la mendicidad y explotaci\u00f3n infantil, el Congreso del Estado de Sonora inici\u00f3 con el primer parlamento abierto, en el que participaron autoridades estatales, municipales y miembros de la sociedad civil.<\/p>\n\n\n\n<p class=\"wp-block-paragraph\">La diputada Gabriela Danitza F\u00e9lix Boj\u00f3rquez (MC), presidenta de la Comisi\u00f3n de Parlamento Abierto, destac\u00f3 que la iniciativa plantea reformar la Ley de los Derechos de Ni\u00f1as, Ni\u00f1os y Adolescentes para establecer la obligaci\u00f3n del estado, a trav\u00e9s del Sistema DIF Sonora, de actuar de manera preventiva y coordinada para atender las causas estructurales que originan estas problem\u00e1ticas.<\/p>\n\n\n\n<p class=\"wp-block-paragraph\">Asimismo, contempla que las autoridades estatales y municipales deber\u00e1n llevar a cabo acciones para prevenir, atender y erradicar la discriminaci\u00f3n de la que son objeto la ni\u00f1ez y adolescencia en situaci\u00f3n de exclusi\u00f3n social, condici\u00f3n de discapacidad, situaci\u00f3n de calle, cualquier forma de trabajo infantil y mendicidad, u otra condici\u00f3n de marginalidad o de supervivencia.<\/p>\n\n\n\n<p class=\"wp-block-paragraph\">Se propuso asignar mayor presupuesto a las instituciones encargadas de la protecci\u00f3n de la ni\u00f1ez y adolescencia, reforzar la operaci\u00f3n de orfanatos y asociaciones civiles, as\u00ed como agilizar dentro de instituciones los tr\u00e1mites en casos que se vean involucrados menores en situaci\u00f3n de vulnerabilidad, entre otras aportaciones orientadas a robustecer la iniciativa.<\/p>\n\n\n\n<p class=\"wp-block-paragraph\">En este primer ejercicio se cont\u00f3 con la asistencia de Bernardeth Ruiz Romero, subsecretaria de Desarrollo Pol\u00edtico del Gobierno de Sonora; la diputada Deni Gast\u00e9lum Barreras (Morena); as\u00ed como Carmen Lucia Mungu\u00eda Gallegos, secretaria Ejecutiva del Sistema de Protecci\u00f3n Integral de Ni\u00f1as, Ni\u00f1os y Adolescentes (Sipinna Sonora).<\/p>\n\n\n\n<p class=\"wp-block-paragraph\">Tambi\u00e9n asistieron representantes del Seminario Ni\u00f1ez Migrante, Universidad de Sonora (Unison), Procuradur\u00eda de Protecci\u00f3n de Ni\u00f1as, Ni\u00f1os y Adolescentes, Polic\u00eda Estatal de Seguridad P\u00fablica (PESP), El Colegio de Sonora (Colson), DIF Hermosillo, Polic\u00eda de Hermosillo y miembros de la sociedad civil.<\/p>\n\n\n\n<p class=\"wp-block-paragraph\">El pr\u00f3ximo ejercicio de parlamento abierto se llevar\u00e1 a cabo el pr\u00f3ximo mi\u00e9rcoles 15 de abril, en Ciudad Obreg\u00f3n.<\/p>\n","protected":false},"excerpt":{"rendered":"<p>&nbsp;Para fortalecer la iniciativa de reforma al marco jur\u00eddico local en materia de prevenci\u00f3n de la mendicidad y explotaci\u00f3n infantil, el Congreso del Estado de Sonora inici\u00f3 con el primer parlamento abierto, en el que participaron autoridades estatales, municipales y miembros de la sociedad civil. La diputada Gabriela Danitza F\u00e9lix Boj\u00f3rquez (MC), presidenta de la&#8230;<\/p>\n","protected":false},"author":2,"featured_media":70787,"comment_status":"closed","ping_status":"closed","sticky":false,"template":"","format":"standard","meta":{"_crdt_document":"","_exactmetrics_skip_tracking":false,"_exactmetrics_sitenote_active":false,"_exactmetrics_sitenote_note":"","_exactmetrics_sitenote_category":0,"footnotes":""},"categories":[20,31,27,69],"tags":[73],"class_list":["post-70786","post","type-post","status-publish","format-standard","has-post-thumbnail","hentry","category-congreso","category-politica","category-sonora","category-ultimas-noticias","tag-congreso-del-estado-de-sonora"],"_links":{"self":[{"href":"https:\/\/elpajaritonews.com\/index.php?rest_route=\/wp\/v2\/posts\/70786","targetHints":{"allow":["GET"]}}],"collection":[{"href":"https:\/\/elpajaritonews.com\/index.php?rest_route=\/wp\/v2\/posts"}],"about":[{"href":"https:\/\/elpajaritonews.com\/index.php?rest_route=\/wp\/v2\/types\/post"}],"author":[{"embeddable":true,"href":"https:\/\/elpajaritonews.com\/index.php?rest_route=\/wp\/v2\/users\/2"}],"replies":[{"embeddable":true,"href":"https:\/\/elpajaritonews.com\/index.php?rest_route=%2Fwp%2Fv2%2Fcomments&post=70786"}],"version-history":[{"count":1,"href":"https:\/\/elpajaritonews.com\/index.php?rest_route=\/wp\/v2\/posts\/70786\/revisions"}],"predecessor-version":[{"id":70788,"href":"https:\/\/elpajaritonews.com\/index.php?rest_route=\/wp\/v2\/posts\/70786\/revisions\/70788"}],"wp:featuredmedia":[{"embeddable":true,"href":"https:\/\/elpajaritonews.com\/index.php?rest_route=\/wp\/v2\/media\/70787"}],"wp:attachment":[{"href":"https:\/\/elpajaritonews.com\/index.php?rest_route=%2Fwp%2Fv2%2Fmedia&parent=70786"}],"wp:term":[{"taxonomy":"category","embeddable":true,"href":"https:\/\/elpajaritonews.com\/index.php?rest_route=%2Fwp%2Fv2%2Fcategories&post=70786"},{"taxonomy":"post_tag","embeddable":true,"href":"https:\/\/elpajaritonews.com\/index.php?rest_route=%2Fwp%2Fv2%2Ftags&post=70786"}],"curies":[{"name":"wp","href":"https:\/\/api.w.org\/{rel}","templated":true}]}}